{"id":9935,"date":"2022-01-30T16:23:32","date_gmt":"2022-01-31T00:23:32","guid":{"rendered":"https:\/\/dev-sisu-supplements.pantheonsite.io\/?p=9935"},"modified":"2022-01-30T16:23:32","modified_gmt":"2022-01-31T00:23:32","slug":"remedes-contre-le-cafard-hivernal-5-moyens-de-se-sentir-moins-fatigue-en-cette-saison","status":"publish","type":"post","link":"https:\/\/www.sisu.com\/fr\/blog\/remedes-contre-le-cafard-hivernal-5-moyens-de-se-sentir-moins-fatigue-en-cette-saison","title":{"rendered":"Rem\u00e8des contre le cafard hivernal : 5 moyens de se sentir moins fatigu\u00e9 en cette saison"},"content":{"rendered":"<p><img decoding=\"async\" src=\"https:\/\/www.sisu.com\/wp-content\/uploads\/2021\/11\/sisu-winter-blues-header.jpg\" \/><\/p>\n<p>Nous revoici \u00e0 l\u2019\u00e9poque de l\u2019ann\u00e9e o\u00f9 les journ\u00e9es plus courtes, le froid et le r\u00e9veil matinal dans l\u2019obscurit\u00e9 peuvent entra\u00eener un \u00e9tat de d\u00e9couragement. Si vous vous sentez l\u00e9thargique et fatigu\u00e9 pendant l\u2019hiver, vous n\u2019\u00eates pas seul \u2013 un grand nombre de Canadiens ont du mal \u00e0 surmonter le cafard hivernal.<\/p>\n<p>Voyons donc les raisons pour lesquelles cette \u00e9poque peut para\u00eetre pesante et examinons les pratiques et les compl\u00e9ments qui pourront vous aider \u00e0 tirer le meilleur parti de cette saison.<\/p>\n<p><strong>Qu\u2019est-ce que le cafard hivernal?<\/strong><\/p>\n<p>Vous sentez-vous plus d\u00e9prim\u00e9 que d\u2019habitude, ou vous est-il plus difficile de vous lever le matin? Vous ressentez probablement les effets du cafard hivernal. En r\u00e8gle g\u00e9n\u00e9rale, il provoque une baisse d\u2019\u00e9nergie \u00e9motionnelle, la fatigue, la tristesse, la perturbation du sommeil et un manque de motivation dus aux journ\u00e9es plus courtes et aux baisses de temp\u00e9rature. Les changements d\u2019\u00e9nergie ressentis peuvent \u00eatre plus ou moins subtils. Environ 15 % des Canadiens sont affect\u00e9s par le cafard hivernal.<span style=\"font-size: 10pt;\"><sup><a href=\"#_ftn1\" name=\"_ftnref1\"><span style=\"color: #000000;\">1<\/span><\/a><\/sup><\/span><\/p>\n<p>&nbsp;<\/p>\n<p><strong>Cafard hivernal ou trouble affectif saisonnier (TAS)<\/strong><\/p>\n<p>Le trouble affectif saisonnier est un type de d\u00e9pression qui se produit tous les ans pendant la m\u00eame saison, g\u00e9n\u00e9ralement en automne ou en hiver. Environ 2 \u00e0 3 % des Canadiens sont affect\u00e9s par le TAS au cours de leur vie.<a href=\"#_ftn2\" name=\"_ftnref2\"><sup><span style=\"color: #000000;\"><span style=\"font-size: 10pt;\">2<\/span><\/span><\/sup><\/a> Ses sympt\u00f4mes comprennent d\u2019importants changements d\u2019humeur et une tristesse persistante qui risquent de consid\u00e9rablement entraver la vie quotidienne et qui durent plus de deux semaines.<a href=\"#_ftn3\" name=\"_ftnref3\"><sup><span style=\"color: #000000;\"><span style=\"font-size: 10pt;\">3<\/span><\/span><\/sup><\/a> \u00c0 la diff\u00e9rence du cafard hivernal, le TAS exige le diagnostic d\u2019un professionnel. Si vous ressentez de tels sympt\u00f4mes, nous vous recommandons de recourir aux services d\u2019un conseiller.<\/p>\n<p>Alors, pourquoi a-t-on plus de chances de ressentir tout ceci en hiver? Voyons ce que nous en dit la science.<\/p>\n<p><strong>Pourquoi se sent-on plus fatigu\u00e9 en hiver?<\/strong><\/p>\n<p><strong>Exposition r\u00e9duite au soleil<\/strong><\/p>\n<p>Le soleil se l\u00e8ve plus tard et se couche plus t\u00f4t en hiver. Lorsque les journ\u00e9es sont plus courtes et que l\u2019on a davantage tendance \u00e0 rester bien au chaud \u00e0 l\u2019int\u00e9rieur, on a moins de chances d\u2019\u00eatre suffisamment expos\u00e9 au soleil et de recevoir de la vitamine D. C\u2019est l\u2019exposition solaire qui permet \u00e0 notre organisme de produire de la vitamine D, qui joue un r\u00f4le important dans la sant\u00e9 immunitaire et mentale. La vitamine D affecte les taux de s\u00e9rotonine dans le cerveau, ce qui aide \u00e0 r\u00e9guler l\u2019humeur et la s\u00e9r\u00e9nit\u00e9.<span style=\"font-size: 10pt;\"><sup><span style=\"color: #000000;\"><a style=\"color: #000000;\" href=\"#_ftn4\" name=\"_ftnref4\">4<\/a><\/span><\/sup><\/span><\/p>\n<p><strong>Production accrue de m\u00e9latonine<\/strong><\/p>\n<p>Les courtes journ\u00e9es et le manque de soleil ont de grandes chances d\u2019affecter le rythme circadien de l\u2019organisme, soit ses cycles de veille-sommeil. Les rythmes circadiens sont perturb\u00e9s au cours de l\u2019hiver parce que notre organisme produit davantage de m\u00e9latonine, hormone qui r\u00e9gule le sommeil.<a href=\"#_ftn5\" name=\"_ftnref5\"><sup><span style=\"color: #000000;\"><span style=\"font-size: 10pt;\">5<\/span><\/span><\/sup><\/a> La glande pin\u00e9ale du cerveau produit de la m\u00e9latonine en r\u00e9action \u00e0 l\u2019obscurit\u00e9. Ainsi, du fait que les nuits d\u2019hiver sont plus longues, le corps a des taux plus \u00e9lev\u00e9s de m\u00e9latonine en cette saison. Ceci explique pourquoi on se sent plus fatigu\u00e9 au cours des mois d\u2019hiver.<span style=\"font-size: 10pt;\"><a href=\"#_ftn6\" name=\"_ftnref6\"><sup><span style=\"color: #000000;\">6<\/span><\/sup><\/a><\/span><\/p>\n<p>Maintenant que nous avons identifi\u00e9 certaines des causes de la fatigue hivernale, voyons comment vous pouvez augmenter votre \u00e9nergie et maintenir un \u00e9tat d\u2019esprit sain, m\u00eame pendant les mois les plus sombres.<\/p>\n<p><strong>5 moyens de rem\u00e9dier au cafard hivernal<\/strong><\/p>\n<ol>\n<li><strong>Laissez entrer la lumi\u00e8re<\/strong><\/li>\n<\/ol>\n<p>Pendant l\u2019hiver, la lumi\u00e8re est votre amie! Ouvrez les rideaux d\u00e8s votre r\u00e9veil pour laisser entrer progressivement la lumi\u00e8re matinale. Les \u00e9tudes ont d\u00e9montr\u00e9 que l\u2019exposition \u00e0 la lumi\u00e8re du matin am\u00e9liore la vivacit\u00e9 d\u2019esprit, le sommeil et l\u2019humeur.<span style=\"font-size: 10pt;\"><sup><span style=\"color: #000000;\"><a style=\"color: #000000;\" href=\"#_ftn7\" name=\"_ftnref7\">7<\/a><\/span><\/sup><\/span><a href=\"#_ftn8\" name=\"_ftnref8\"><span style=\"font-size: 10pt; color: #000000;\"><sup>8<\/sup><\/span><\/a> Essayez de disposer votre int\u00e9rieur de fa\u00e7on \u00e0 profiter d\u2019un maximum de lumi\u00e8re et passez du temps \u00e0 l\u2019ext\u00e9rieur pendant la journ\u00e9e. On n\u2019a pas toujours envie de sortir quand il fait froid mais il suffit \u00e0 notre organisme de cinq \u00e0 quinze minutes d\u2019exposition au soleil au milieu de la journ\u00e9e pour produire des taux suffisants de vitamine D.<span style=\"font-size: 10pt;\"><a href=\"#_ftn9\" name=\"_ftnref9\"><sup><span style=\"color: #000000;\">9<\/span><\/sup><\/a><\/span><\/p>\n<p>Si votre situation g\u00e9ographique n\u2019est pas tr\u00e8s ensoleill\u00e9e, vous pourriez aussi essayer la luminoth\u00e9rapie. Les caissons lumineux \u00e0 spectre complet ou les lampes de luminoth\u00e9rapie sont d\u2019excellents outils \u00e0 utiliser chez vous ou dans votre lieu de travail du fait qu\u2019ils imitent la lumi\u00e8re naturelle.<\/p>\n<p><strong>2. Programmez vos s\u00e9ances d\u2019entra\u00eenement<\/strong><\/p>\n<p>En cette saison, les s\u00e9ances d\u2019entra\u00eenement divertissantes programm\u00e9es \u00e0 des moments propices seront b\u00e9n\u00e9fiques pour votre sant\u00e9 physique et mentale. Il a \u00e9t\u00e9 prouv\u00e9 que l\u2019exercice soulage le stress et procure une sensation de bien-\u00eatre du fait qu\u2019il lib\u00e8re des endorphines positives dans le cerveau.<span style=\"font-size: 10pt;\"><sup><span style=\"color: #000000;\"><a style=\"color: #000000;\" href=\"#_ftn10\" name=\"_ftnref10\">10<\/a><\/span><\/sup><\/span><\/p>\n<p>Le moment de la journ\u00e9e choisi pour une s\u00e9ance d\u2019entra\u00eenement a son importance, surtout pendant les mois d\u2019hiver qui affectent davantage le cycle de veille-sommeil. L\u2019exercice matinal avec exposition \u00e0 la lumi\u00e8re peut aider \u00e0 vous dynamiser pour le restant de la journ\u00e9e et \u00e0 favoriser le sommeil le soir venu. La programmation de vos s\u00e9ances d\u2019exercice pendant la matin\u00e9e vous permettra de maintenir un cycle de veille-sommeil plus sain.<span style=\"font-size: 10pt;\"><a href=\"#_ftn11\" name=\"_ftnref11\"><sup><span style=\"color: #000000;\">11<\/span><\/sup><\/a><\/span><\/p>\n<p>L\u2019exercice \u00e0 l\u2019ext\u00e9rieur est une combinaison gagnante. Voici quelques activit\u00e9s physiques divertissantes en hiver qui feront augmenter votre fr\u00e9quence cardiaque\u00a0:<\/p>\n<ul>\n<li>hockey ou patinage sur glace<\/li>\n<li>raquette \u00e0 neige<\/li>\n<li>ski<\/li>\n<li>planche \u00e0 neige<\/li>\n<li>marche ou course \u00e0 pied<\/li>\n<li>luge (remonter la luge jusqu\u2019en haut de la colline fait travailler les jambes)<\/li>\n<\/ul>\n<p><strong>3. Maintenez un horaire de sommeil r\u00e9gulier<\/strong><\/p>\n<p>Un sommeil ininterrompu et de qualit\u00e9 aide \u00e0 se maintenir au mieux de sa forme. La plupart des adultes ont besoin de sept \u00e0 neuf heures de sommeil par nuit. Dans ce domaine, la r\u00e9gularit\u00e9 a son importance \u2013 pour optimiser son rythme circadien, il est pr\u00e9f\u00e9rable de se coucher et de se lever \u00e0 la m\u00eame heure tous les jours. Un rythme circadien sain favorise un sommeil reposant ainsi que la sant\u00e9 immunitaire, la vivacit\u00e9 d\u2019esprit et une bonne sant\u00e9 mentale.<span style=\"font-size: 10pt;\"><sup><span style=\"color: #000000;\"><a style=\"color: #000000;\" href=\"#_ftn12\" name=\"_ftnref12\">12<\/a><\/span><\/sup><\/span><\/p>\n<p>Voici quelques conseils pour maintenir un horaire de sommeil sain\u00a0:<\/p>\n<ul>\n<li><strong>Optimisez votre environnement de sommeil\u00a0:<\/strong> privil\u00e9giez une chambre calme, fra\u00eeche, sombre et bannissez les appareils \u00e9lectroniques.<\/li>\n<li><strong>Cr\u00e9ez une routine du coucher relaxante\u00a0:<\/strong> r\u00e9servez 30 minutes avant de vous coucher pour faire de l\u00e9gers \u00e9tirements, \u00e9crire un journal ou prendre un bain chaud.<\/li>\n<li><strong>Limitez la caf\u00e9ine\u00a0:<\/strong> \u00e9vitez les boissons caf\u00e9in\u00e9es apr\u00e8s 14h.<\/li>\n<\/ul>\n<p><strong>4. Consommez des aliments qui favorisent l\u2019humeur<\/strong><\/p>\n<p>La nutrition et la sant\u00e9 mentale sont li\u00e9es. Une alimentation \u00e9quilibr\u00e9e compos\u00e9e de fruits, de l\u00e9gumes, de c\u00e9r\u00e9ales compl\u00e8tes et de sources de prot\u00e9ines de qualit\u00e9 favorise l\u2019\u00e9tat de sant\u00e9 g\u00e9n\u00e9ral et le bien-\u00eatre. Mais ce n\u2019est pas tout. Certains aliments peuvent aussi affecter l\u2019humeur en fournissant un assortiment de nutriments importants.<\/p>\n<p>Voici quelques aliments sains et d\u00e9licieux qui am\u00e9liorent l\u2019humeur\u00a0:<\/p>\n<ul>\n<li><strong>Bananes\u00a0:<\/strong> une riche source de vitamine B6 qui aide \u00e0 r\u00e9guler la glyc\u00e9mie et \u00e0 augmenter les hormones du bien-\u00eatre.<span style=\"font-size: 10pt;\"><sup><span style=\"color: #000000;\"><a style=\"color: #000000;\" href=\"#_ftn13\" name=\"_ftnref13\">13<\/a><\/span><\/sup><\/span><\/li>\n<li><strong>Bleuets\u00a0:<\/strong> une bonne source d\u2019antioxydants connus sous le nom de flavono\u00efdes, qui peuvent am\u00e9liorer l\u2019humeur.<span style=\"font-size: 10pt;\"><sup><span style=\"color: #000000;\"><a style=\"color: #000000;\" href=\"#_ftn14\" name=\"_ftnref14\">14<\/a><\/span><\/sup><\/span><\/li>\n<li><strong>Saumon\u00a0:<\/strong> riche en acides gras om\u00e9ga 3 qui aident \u00e0 r\u00e9duire les sympt\u00f4mes d\u2019anxi\u00e9t\u00e9.<span style=\"font-size: 10pt;\"><sup><span style=\"color: #000000;\"><a style=\"color: #000000;\" href=\"#_ftn15\" name=\"_ftnref15\">15<\/a><\/span><\/sup><\/span><\/li>\n<li><strong>Chocolat noir\u00a0:<\/strong> une bonne source d\u2019antioxydants qui aident \u00e0 r\u00e9duire le cortisol, hormone du stress.<a href=\"#_ftn16\" name=\"_ftnref16\"><span style=\"font-size: 10pt;\"><sup><span style=\"color: #000000;\">16<\/span><\/sup><\/span><\/a><\/li>\n<li><strong>Yogourt\u00a0:<\/strong> bourr\u00e9 de probiotiques qui favorisent la sant\u00e9 intestinale, ce qui peut avoir un effet positif sur l\u2019humeur.<a href=\"#_ftn17\" name=\"_ftnref17\"><span style=\"font-size: 10pt;\"><sup><span style=\"color: #000000;\">17<\/span><\/sup><\/span><\/a><\/li>\n<\/ul>\n<p><strong>5. Essayez un compl\u00e9ment<\/strong><\/p>\n<p>La prise de multivitamines ou de compl\u00e9ments peut favoriser votre \u00e9tat de sant\u00e9 selon vos besoins. Voici quelques uns de nos pr\u00e9f\u00e9r\u00e9s pour cette saison\u00a0:<\/p>\n<p>Pour compenser le manque de lumi\u00e8re solaire\u00a0:<\/p>\n<p>Un moyen de s\u2019assurer un apport ad\u00e9quat en vitamine D est d\u2019en prendre un compl\u00e9ment.<\/p>\n<p>Un comprim\u00e9 par jour de <a href=\"https:\/\/www.sisu.com\/fr\/our-products\/vitamine-d\">Vitamine D Sisu<\/a> aide \u00e0 maintenir les fonctions du syst\u00e8me immunitaire et \u00e0 d\u00e9velopper des os et des dents solides.<\/p>\n<p>Pour un meilleur sommeil\u00a0:<\/p>\n<p>La <a href=\"https:\/\/www.sisu.com\/our-products\/vegan-melatonin-5mg\">M\u00e9latonine Sisu<\/a> aide \u00e0 augmenter la dur\u00e9e totale de sommeil et acc\u00e9l\u00e8re l\u2019endormissement.<\/p>\n<p>Pour la d\u00e9tente\u00a0:<\/p>\n<p>Le <a href=\"https:\/\/www.sisu.com\/fr\/our-products\/stress-secours\">Stress secours Sisu<\/a> met \u00e0 profit les effets relaxants de la L-th\u00e9anine pour favoriser temporairement la relaxation.<\/p>\n<p>Le <a href=\"https:\/\/www.sisu.com\/fr\/our-products\/magnesium-250-mg-relaxation-blend\">Magn\u00e9sium M\u00e9lange D\u00e9tente Sisu<\/a> favorise temporairement la relaxation gr\u00e2ce \u00e0 une combinaison de magn\u00e9sium, de GABA et de L-th\u00e9anine.<\/p>\n<p><strong>Passez un hiver en bonne sant\u00e9<\/strong><\/p>\n<p>Le cafard hivernal n\u2019est pas facile \u00e0 vaincre mais ces conseils vous mettront sur la bonne voie pour passer un hiver sain et serein. Privil\u00e9giez votre sant\u00e9 mentale et dorlotez-vous au cours de cette saison.<\/p>\n<p>Pour plus d\u2019informations sur la sant\u00e9 et le bien-\u00eatre, suivez-nous sur Instagram! (@sisuvitamins)<\/p>\n<p>&nbsp;<\/p>\n<p><em>Lisez et suivez toujours les indications de l\u2019\u00e9tiquette. Ces produits peuvent ne pas convenir \u00e0 tout le monde.<\/em><\/p>\n<p><span style=\"font-size: 10pt; color: #000000;\"><a style=\"color: #000000;\" href=\"#_ftnref1\" name=\"_ftn1\">[1]<\/a> <a style=\"color: #000000;\" href=\"https:\/\/cmha.ca\/fr\/deprime-hivernale-101\/\">https:\/\/cmha.ca\/fr\/deprime-hivernale-101\/<\/a><\/span><\/p>\n<p><span style=\"font-size: 10pt; color: #000000;\"><a style=\"color: #000000;\" href=\"#_ftnref2\" name=\"_ftn2\">[2]<\/a> <a style=\"color: #000000;\" href=\"https:\/\/cmha.ca\/fr\/deprime-hivernale-101\/\">https:\/\/cmha.ca\/fr\/deprime-hivernale-101\/<\/a><\/span><\/p>\n<p><span style=\"font-size: 10pt; color: #000000;\"><a style=\"color: #000000;\" href=\"#_ftnref3\" name=\"_ftn3\">[3]<\/a> <a style=\"color: #000000;\" href=\"https:\/\/www.camh.ca\/fr\/info-sante\/index-sur-la-sante-mentale-et-la-dependance\/le-trouble-affectif-saisonnier\">https:\/\/www.camh.ca\/fr\/info-sante\/index-sur-la-sante-mentale-et-la-dependance\/le-trouble-affectif-saisonnier<\/a><\/span><\/p>\n<p><span style=\"font-size: 10pt; color: #000000;\"><a style=\"color: #000000;\" href=\"#_ftnref4\" name=\"_ftn4\">[4]<\/a> <a style=\"color: #000000;\" href=\"https:\/\/www.ncbi.nlm.nih.gov\/pmc\/articles\/PMC6042449\/\">https:\/\/www.ncbi.nlm.nih.gov\/pmc\/articles\/PMC6042449\/<\/a><\/span><\/p>\n<p><span style=\"font-size: 10pt; color: #000000;\"><a style=\"color: #000000;\" href=\"#_ftnref5\" name=\"_ftn5\">[5]<\/a> <a style=\"color: #000000;\" href=\"https:\/\/clinicaltrials.gov\/ct2\/show\/NCT00001485\">https:\/\/clinicaltrials.gov\/ct2\/show\/NCT00001485<\/a><\/span><\/p>\n<p><span style=\"font-size: 10pt; color: #000000;\"><a style=\"color: #000000;\" href=\"#_ftnref6\" name=\"_ftn6\">[6]<\/a> <a style=\"color: #000000;\" href=\"https:\/\/www.yourhormones.info\/hormones\/melatonin\/\">https:\/\/www.yourhormones.info\/hormones\/melatonin\/<\/a><\/span><\/p>\n<p><span style=\"font-size: 10pt; color: #000000;\"><a style=\"color: #000000;\" href=\"#_ftnref7\" name=\"_ftn7\">[7]<\/a> <a style=\"color: #000000;\" href=\"https:\/\/www.nature.com\/articles\/s41598-018-36791-5\">https:\/\/www.nature.com\/articles\/s41598-018-36791-5<\/a><\/span><\/p>\n<p><span style=\"font-size: 10pt; color: #000000;\"><a style=\"color: #000000;\" href=\"#_ftnref8\" name=\"_ftn8\">[8]<\/a> <a style=\"color: #000000;\" href=\"https:\/\/www.sleephealthjournal.org\/article\/S2352-7218(17)30041-4\/fulltext\">https:\/\/www.sleephealthjournal.org\/article\/S2352-7218(17)30041-4\/fulltext<\/a><\/span><\/p>\n<p><span style=\"font-size: 10pt; color: #000000;\"><a style=\"color: #000000;\" href=\"#_ftnref9\" name=\"_ftn9\">[9]<\/a> <a style=\"color: #000000;\" href=\"https:\/\/mssociety.ca\/library\/document\/38cuveX9sSrF0QEZ1DfOMUaBilKTyRJk\/original.pdf\">https:\/\/mssociety.ca\/library\/document\/38cuveX9sSrF0QEZ1DfOMUaBilKTyRJk\/original.pdf<\/a><\/span><\/p>\n<p><span style=\"font-size: 10pt; color: #000000;\"><a style=\"color: #000000;\" href=\"#_ftnref10\" name=\"_ftn10\">[10]<\/a> <a style=\"color: #000000;\" href=\"https:\/\/www.canada.ca\/fr\/sante-publique\/services\/etre-actif\/votre-sante-activite-physique.html\">https:\/\/www.canada.ca\/fr\/sante-publique\/services\/etre-actif\/votre-sante-activite-physique.html<\/a><\/span><\/p>\n<p><span style=\"font-size: 10pt; color: #000000;\"><a style=\"color: #000000;\" href=\"#_ftnref11\" name=\"_ftn11\">[11]<\/a> <a style=\"color: #000000;\" href=\"https:\/\/physoc.onlinelibrary.wiley.com\/doi\/full\/10.1113\/JP276943\">https:\/\/physoc.onlinelibrary.wiley.com\/doi\/full\/10.1113\/JP276943<\/a><\/span><\/p>\n<p><span style=\"font-size: 10pt; color: #000000;\"><a style=\"color: #000000;\" href=\"#_ftnref12\" name=\"_ftn12\">[12]<\/a> <a style=\"color: #000000;\" href=\"https:\/\/www.sleepfoundation.org\/circadian-rhythm\">https:\/\/www.sleepfoundation.org\/circadian-rhythm<\/a><\/span><\/p>\n<p><span style=\"font-size: 10pt; color: #000000;\"><a style=\"color: #000000;\" href=\"#_ftnref13\" name=\"_ftn13\">[13]<\/a> <a style=\"color: #000000;\" href=\"https:\/\/pubmed.ncbi.nlm.nih.gov\/13462983\/\">https:\/\/pubmed.ncbi.nlm.nih.gov\/13462983\/<\/a><\/span><\/p>\n<p><span style=\"font-size: 10pt; color: #000000;\"><a style=\"color: #000000;\" href=\"#_ftnref14\" name=\"_ftn14\">[14]<\/a> <a style=\"color: #000000;\" href=\"https:\/\/pubmed.ncbi.nlm.nih.gov\/28230732\/\">https:\/\/pubmed.ncbi.nlm.nih.gov\/28230732\/<\/a><\/span><\/p>\n<p><span style=\"font-size: 10pt; color: #000000;\"><a style=\"color: #000000;\" href=\"#_ftnref15\" name=\"_ftn15\">[15]<\/a> <a style=\"color: #000000;\" href=\"https:\/\/www.health.harvard.edu\/mind-and-mood\/omega-3s-for-anxiety\">https:\/\/www.health.harvard.edu\/mind-and-mood\/omega-3s-for-anxiety<\/a><\/span><\/p>\n<p><span style=\"font-size: 10pt; color: #000000;\"><a style=\"color: #000000;\" href=\"#_ftnref16\" name=\"_ftn16\">[16]<\/a> <a style=\"color: #000000;\" href=\"https:\/\/pubs.acs.org\/doi\/abs\/10.1021\/pr900607v?tokenDomain=presspac&amp;tokenAccess=presspac&amp;forwardService=showFullText&amp;journalCode=jprobs&amp;\">https:\/\/pubs.acs.org\/doi\/abs\/10.1021\/pr900607v?tokenDomain=presspac&amp;tokenAccess=presspac&amp;forwardService=showFullText&amp;journalCode=jprobs&amp;<\/a><\/span><\/p>\n<p><span style=\"font-size: 10pt; color: #000000;\"><a style=\"color: #000000;\" href=\"#_ftnref17\" name=\"_ftn17\">[17]<\/a> <a style=\"color: #000000;\" href=\"https:\/\/www.health.harvard.edu\/blog\/gut-feelings-how-food-affects-your-mood-2018120715548\">https:\/\/www.health.harvard.edu\/blog\/gut-feelings-how-food-affects-your-mood-2018120715548<\/a><\/span><\/p>\n","protected":false},"excerpt":{"rendered":"<p>Nous revoici \u00e0 l\u2019\u00e9poque de l\u2019ann\u00e9e o\u00f9 les journ\u00e9es plus courtes, le froid et le r\u00e9veil matinal dans l\u2019obscurit\u00e9 peuvent entra\u00eener un \u00e9tat de d\u00e9couragement. Si vous vous sentez l\u00e9thargique et fatigu\u00e9 pendant l\u2019hiver, vous n\u2019\u00eates pas seul \u2013 un grand nombre de Canadiens ont du mal \u00e0 surmonter le cafard hivernal. Voyons donc les [&hellip;]<\/p>\n","protected":false},"author":58,"featured_media":9826,"comment_status":"closed","ping_status":"closed","sticky":false,"template":"","format":"standard","meta":{"_acf_changed":false,"inline_featured_image":false,"footnotes":""},"categories":[739],"tags":[],"class_list":["post-9935","post","type-post","status-publish","format-standard","has-post-thumbnail","hentry","category-daily-dose-fr"],"acf":[],"yoast_head":"<!-- This site is optimized with the Yoast SEO plugin v27.5 - https:\/\/yoast.com\/product\/yoast-seo-wordpress\/ -->\n<title>Rem\u00e8des contre le cafard hivernal : 5 moyens de se sentir moins fatigu\u00e9 en cette saison - Sisu<\/title>\n<meta name=\"robots\" content=\"index, follow, max-snippet:-1, max-image-preview:large, max-video-preview:-1\" \/>\n<link rel=\"canonical\" href=\"https:\/\/www.sisu.com\/fr\/blog\/remedes-contre-le-cafard-hivernal-5-moyens-de-se-sentir-moins-fatigue-en-cette-saison\" \/>\n<meta property=\"og:locale\" content=\"fr_FR\" \/>\n<meta property=\"og:type\" content=\"article\" \/>\n<meta property=\"og:title\" content=\"Rem\u00e8des contre le cafard hivernal : 5 moyens de se sentir moins fatigu\u00e9 en cette saison - Sisu\" \/>\n<meta property=\"og:description\" content=\"Nous revoici \u00e0 l\u2019\u00e9poque de l\u2019ann\u00e9e o\u00f9 les journ\u00e9es plus courtes, le froid et le r\u00e9veil matinal dans l\u2019obscurit\u00e9 peuvent entra\u00eener un \u00e9tat de d\u00e9couragement. Si vous vous sentez l\u00e9thargique et fatigu\u00e9 pendant l\u2019hiver, vous n\u2019\u00eates pas seul \u2013 un grand nombre de Canadiens ont du mal \u00e0 surmonter le cafard hivernal. Voyons donc les [&hellip;]\" \/>\n<meta property=\"og:url\" content=\"https:\/\/www.sisu.com\/fr\/blog\/remedes-contre-le-cafard-hivernal-5-moyens-de-se-sentir-moins-fatigue-en-cette-saison\" \/>\n<meta property=\"og:site_name\" content=\"Sisu\" \/>\n<meta property=\"article:published_time\" content=\"2022-01-31T00:23:32+00:00\" \/>\n<meta property=\"og:image\" content=\"https:\/\/www.sisu.com\/wp-content\/uploads\/2021\/11\/sisu-winter-blues-thumb.jpg\" \/>\n\t<meta property=\"og:image:width\" content=\"960\" \/>\n\t<meta property=\"og:image:height\" content=\"644\" \/>\n\t<meta property=\"og:image:type\" content=\"image\/jpeg\" \/>\n<meta name=\"author\" content=\"obiryukova@atrium-innovations.com\" \/>\n<meta name=\"twitter:card\" content=\"summary_large_image\" \/>\n<meta name=\"twitter:label1\" content=\"Written by\" \/>\n\t<meta name=\"twitter:data1\" content=\"obiryukova@atrium-innovations.com\" \/>\n\t<meta name=\"twitter:label2\" content=\"Est. reading time\" \/>\n\t<meta name=\"twitter:data2\" content=\"7 minutes\" \/>\n<script type=\"application\/ld+json\" class=\"yoast-schema-graph\">{\"@context\":\"https:\\\/\\\/schema.org\",\"@graph\":[{\"@type\":\"Article\",\"@id\":\"https:\\\/\\\/www.sisu.com\\\/fr\\\/blog\\\/remedes-contre-le-cafard-hivernal-5-moyens-de-se-sentir-moins-fatigue-en-cette-saison#article\",\"isPartOf\":{\"@id\":\"https:\\\/\\\/www.sisu.com\\\/fr\\\/blog\\\/remedes-contre-le-cafard-hivernal-5-moyens-de-se-sentir-moins-fatigue-en-cette-saison\"},\"author\":{\"name\":\"obiryukova@atrium-innovations.com\",\"@id\":\"https:\\\/\\\/www.sisu.com\\\/#\\\/schema\\\/person\\\/400bb7a1aeaa5880e1a301e5cab1180d\"},\"headline\":\"Rem\u00e8des contre le cafard hivernal : 5 moyens de se sentir moins fatigu\u00e9 en cette saison\",\"datePublished\":\"2022-01-31T00:23:32+00:00\",\"mainEntityOfPage\":{\"@id\":\"https:\\\/\\\/www.sisu.com\\\/fr\\\/blog\\\/remedes-contre-le-cafard-hivernal-5-moyens-de-se-sentir-moins-fatigue-en-cette-saison\"},\"wordCount\":1665,\"publisher\":{\"@id\":\"https:\\\/\\\/www.sisu.com\\\/#organization\"},\"image\":{\"@id\":\"https:\\\/\\\/www.sisu.com\\\/fr\\\/blog\\\/remedes-contre-le-cafard-hivernal-5-moyens-de-se-sentir-moins-fatigue-en-cette-saison#primaryimage\"},\"thumbnailUrl\":\"https:\\\/\\\/www.sisu.com\\\/wp-content\\\/uploads\\\/2021\\\/11\\\/sisu-winter-blues-thumb.jpg\",\"articleSection\":[\"Daily Dose\"],\"inLanguage\":\"fr-FR\"},{\"@type\":\"WebPage\",\"@id\":\"https:\\\/\\\/www.sisu.com\\\/fr\\\/blog\\\/remedes-contre-le-cafard-hivernal-5-moyens-de-se-sentir-moins-fatigue-en-cette-saison\",\"url\":\"https:\\\/\\\/www.sisu.com\\\/fr\\\/blog\\\/remedes-contre-le-cafard-hivernal-5-moyens-de-se-sentir-moins-fatigue-en-cette-saison\",\"name\":\"Rem\u00e8des contre le cafard hivernal : 5 moyens de se sentir moins fatigu\u00e9 en cette saison - Sisu\",\"isPartOf\":{\"@id\":\"https:\\\/\\\/www.sisu.com\\\/#website\"},\"primaryImageOfPage\":{\"@id\":\"https:\\\/\\\/www.sisu.com\\\/fr\\\/blog\\\/remedes-contre-le-cafard-hivernal-5-moyens-de-se-sentir-moins-fatigue-en-cette-saison#primaryimage\"},\"image\":{\"@id\":\"https:\\\/\\\/www.sisu.com\\\/fr\\\/blog\\\/remedes-contre-le-cafard-hivernal-5-moyens-de-se-sentir-moins-fatigue-en-cette-saison#primaryimage\"},\"thumbnailUrl\":\"https:\\\/\\\/www.sisu.com\\\/wp-content\\\/uploads\\\/2021\\\/11\\\/sisu-winter-blues-thumb.jpg\",\"datePublished\":\"2022-01-31T00:23:32+00:00\",\"breadcrumb\":{\"@id\":\"https:\\\/\\\/www.sisu.com\\\/fr\\\/blog\\\/remedes-contre-le-cafard-hivernal-5-moyens-de-se-sentir-moins-fatigue-en-cette-saison#breadcrumb\"},\"inLanguage\":\"fr-FR\",\"potentialAction\":[{\"@type\":\"ReadAction\",\"target\":[\"https:\\\/\\\/www.sisu.com\\\/fr\\\/blog\\\/remedes-contre-le-cafard-hivernal-5-moyens-de-se-sentir-moins-fatigue-en-cette-saison\"]}]},{\"@type\":\"ImageObject\",\"inLanguage\":\"fr-FR\",\"@id\":\"https:\\\/\\\/www.sisu.com\\\/fr\\\/blog\\\/remedes-contre-le-cafard-hivernal-5-moyens-de-se-sentir-moins-fatigue-en-cette-saison#primaryimage\",\"url\":\"https:\\\/\\\/www.sisu.com\\\/wp-content\\\/uploads\\\/2021\\\/11\\\/sisu-winter-blues-thumb.jpg\",\"contentUrl\":\"https:\\\/\\\/www.sisu.com\\\/wp-content\\\/uploads\\\/2021\\\/11\\\/sisu-winter-blues-thumb.jpg\",\"width\":960,\"height\":644},{\"@type\":\"BreadcrumbList\",\"@id\":\"https:\\\/\\\/www.sisu.com\\\/fr\\\/blog\\\/remedes-contre-le-cafard-hivernal-5-moyens-de-se-sentir-moins-fatigue-en-cette-saison#breadcrumb\",\"itemListElement\":[{\"@type\":\"ListItem\",\"position\":1,\"name\":\"Home\",\"item\":\"https:\\\/\\\/www.sisu.com\\\/fr\"},{\"@type\":\"ListItem\",\"position\":2,\"name\":\"Rem\u00e8des contre le cafard hivernal : 5 moyens de se sentir moins fatigu\u00e9 en cette saison\"}]},{\"@type\":\"WebSite\",\"@id\":\"https:\\\/\\\/www.sisu.com\\\/#website\",\"url\":\"https:\\\/\\\/www.sisu.com\\\/\",\"name\":\"Sisu\",\"description\":\"\",\"publisher\":{\"@id\":\"https:\\\/\\\/www.sisu.com\\\/#organization\"},\"potentialAction\":[{\"@type\":\"SearchAction\",\"target\":{\"@type\":\"EntryPoint\",\"urlTemplate\":\"https:\\\/\\\/www.sisu.com\\\/?s={search_term_string}\"},\"query-input\":{\"@type\":\"PropertyValueSpecification\",\"valueRequired\":true,\"valueName\":\"search_term_string\"}}],\"inLanguage\":\"fr-FR\"},{\"@type\":\"Organization\",\"@id\":\"https:\\\/\\\/www.sisu.com\\\/#organization\",\"name\":\"SISU\",\"url\":\"https:\\\/\\\/www.sisu.com\\\/\",\"logo\":{\"@type\":\"ImageObject\",\"inLanguage\":\"fr-FR\",\"@id\":\"https:\\\/\\\/www.sisu.com\\\/#\\\/schema\\\/logo\\\/image\\\/\",\"url\":\"https:\\\/\\\/www.sisu.com\\\/wp-content\\\/uploads\\\/2018\\\/05\\\/Sisu_logo_colour.jpg\",\"contentUrl\":\"https:\\\/\\\/www.sisu.com\\\/wp-content\\\/uploads\\\/2018\\\/05\\\/Sisu_logo_colour.jpg\",\"width\":1200,\"height\":1221,\"caption\":\"SISU\"},\"image\":{\"@id\":\"https:\\\/\\\/www.sisu.com\\\/#\\\/schema\\\/logo\\\/image\\\/\"}},{\"@type\":\"Person\",\"@id\":\"https:\\\/\\\/www.sisu.com\\\/#\\\/schema\\\/person\\\/400bb7a1aeaa5880e1a301e5cab1180d\",\"name\":\"obiryukova@atrium-innovations.com\"}]}<\/script>\n<!-- \/ Yoast SEO plugin. -->","yoast_head_json":{"title":"Rem\u00e8des contre le cafard hivernal : 5 moyens de se sentir moins fatigu\u00e9 en cette saison - Sisu","robots":{"index":"index","follow":"follow","max-snippet":"max-snippet:-1","max-image-preview":"max-image-preview:large","max-video-preview":"max-video-preview:-1"},"canonical":"https:\/\/www.sisu.com\/fr\/blog\/remedes-contre-le-cafard-hivernal-5-moyens-de-se-sentir-moins-fatigue-en-cette-saison","og_locale":"fr_FR","og_type":"article","og_title":"Rem\u00e8des contre le cafard hivernal : 5 moyens de se sentir moins fatigu\u00e9 en cette saison - Sisu","og_description":"Nous revoici \u00e0 l\u2019\u00e9poque de l\u2019ann\u00e9e o\u00f9 les journ\u00e9es plus courtes, le froid et le r\u00e9veil matinal dans l\u2019obscurit\u00e9 peuvent entra\u00eener un \u00e9tat de d\u00e9couragement. Si vous vous sentez l\u00e9thargique et fatigu\u00e9 pendant l\u2019hiver, vous n\u2019\u00eates pas seul \u2013 un grand nombre de Canadiens ont du mal \u00e0 surmonter le cafard hivernal. Voyons donc les [&hellip;]","og_url":"https:\/\/www.sisu.com\/fr\/blog\/remedes-contre-le-cafard-hivernal-5-moyens-de-se-sentir-moins-fatigue-en-cette-saison","og_site_name":"Sisu","article_published_time":"2022-01-31T00:23:32+00:00","og_image":[{"width":960,"height":644,"url":"https:\/\/www.sisu.com\/wp-content\/uploads\/2021\/11\/sisu-winter-blues-thumb.jpg","type":"image\/jpeg"}],"author":"obiryukova@atrium-innovations.com","twitter_card":"summary_large_image","twitter_misc":{"Written by":"obiryukova@atrium-innovations.com","Est. reading time":"7 minutes"},"schema":{"@context":"https:\/\/schema.org","@graph":[{"@type":"Article","@id":"https:\/\/www.sisu.com\/fr\/blog\/remedes-contre-le-cafard-hivernal-5-moyens-de-se-sentir-moins-fatigue-en-cette-saison#article","isPartOf":{"@id":"https:\/\/www.sisu.com\/fr\/blog\/remedes-contre-le-cafard-hivernal-5-moyens-de-se-sentir-moins-fatigue-en-cette-saison"},"author":{"name":"obiryukova@atrium-innovations.com","@id":"https:\/\/www.sisu.com\/#\/schema\/person\/400bb7a1aeaa5880e1a301e5cab1180d"},"headline":"Rem\u00e8des contre le cafard hivernal : 5 moyens de se sentir moins fatigu\u00e9 en cette saison","datePublished":"2022-01-31T00:23:32+00:00","mainEntityOfPage":{"@id":"https:\/\/www.sisu.com\/fr\/blog\/remedes-contre-le-cafard-hivernal-5-moyens-de-se-sentir-moins-fatigue-en-cette-saison"},"wordCount":1665,"publisher":{"@id":"https:\/\/www.sisu.com\/#organization"},"image":{"@id":"https:\/\/www.sisu.com\/fr\/blog\/remedes-contre-le-cafard-hivernal-5-moyens-de-se-sentir-moins-fatigue-en-cette-saison#primaryimage"},"thumbnailUrl":"https:\/\/www.sisu.com\/wp-content\/uploads\/2021\/11\/sisu-winter-blues-thumb.jpg","articleSection":["Daily Dose"],"inLanguage":"fr-FR"},{"@type":"WebPage","@id":"https:\/\/www.sisu.com\/fr\/blog\/remedes-contre-le-cafard-hivernal-5-moyens-de-se-sentir-moins-fatigue-en-cette-saison","url":"https:\/\/www.sisu.com\/fr\/blog\/remedes-contre-le-cafard-hivernal-5-moyens-de-se-sentir-moins-fatigue-en-cette-saison","name":"Rem\u00e8des contre le cafard hivernal : 5 moyens de se sentir moins fatigu\u00e9 en cette saison - Sisu","isPartOf":{"@id":"https:\/\/www.sisu.com\/#website"},"primaryImageOfPage":{"@id":"https:\/\/www.sisu.com\/fr\/blog\/remedes-contre-le-cafard-hivernal-5-moyens-de-se-sentir-moins-fatigue-en-cette-saison#primaryimage"},"image":{"@id":"https:\/\/www.sisu.com\/fr\/blog\/remedes-contre-le-cafard-hivernal-5-moyens-de-se-sentir-moins-fatigue-en-cette-saison#primaryimage"},"thumbnailUrl":"https:\/\/www.sisu.com\/wp-content\/uploads\/2021\/11\/sisu-winter-blues-thumb.jpg","datePublished":"2022-01-31T00:23:32+00:00","breadcrumb":{"@id":"https:\/\/www.sisu.com\/fr\/blog\/remedes-contre-le-cafard-hivernal-5-moyens-de-se-sentir-moins-fatigue-en-cette-saison#breadcrumb"},"inLanguage":"fr-FR","potentialAction":[{"@type":"ReadAction","target":["https:\/\/www.sisu.com\/fr\/blog\/remedes-contre-le-cafard-hivernal-5-moyens-de-se-sentir-moins-fatigue-en-cette-saison"]}]},{"@type":"ImageObject","inLanguage":"fr-FR","@id":"https:\/\/www.sisu.com\/fr\/blog\/remedes-contre-le-cafard-hivernal-5-moyens-de-se-sentir-moins-fatigue-en-cette-saison#primaryimage","url":"https:\/\/www.sisu.com\/wp-content\/uploads\/2021\/11\/sisu-winter-blues-thumb.jpg","contentUrl":"https:\/\/www.sisu.com\/wp-content\/uploads\/2021\/11\/sisu-winter-blues-thumb.jpg","width":960,"height":644},{"@type":"BreadcrumbList","@id":"https:\/\/www.sisu.com\/fr\/blog\/remedes-contre-le-cafard-hivernal-5-moyens-de-se-sentir-moins-fatigue-en-cette-saison#breadcrumb","itemListElement":[{"@type":"ListItem","position":1,"name":"Home","item":"https:\/\/www.sisu.com\/fr"},{"@type":"ListItem","position":2,"name":"Rem\u00e8des contre le cafard hivernal : 5 moyens de se sentir moins fatigu\u00e9 en cette saison"}]},{"@type":"WebSite","@id":"https:\/\/www.sisu.com\/#website","url":"https:\/\/www.sisu.com\/","name":"Sisu","description":"","publisher":{"@id":"https:\/\/www.sisu.com\/#organization"},"potentialAction":[{"@type":"SearchAction","target":{"@type":"EntryPoint","urlTemplate":"https:\/\/www.sisu.com\/?s={search_term_string}"},"query-input":{"@type":"PropertyValueSpecification","valueRequired":true,"valueName":"search_term_string"}}],"inLanguage":"fr-FR"},{"@type":"Organization","@id":"https:\/\/www.sisu.com\/#organization","name":"SISU","url":"https:\/\/www.sisu.com\/","logo":{"@type":"ImageObject","inLanguage":"fr-FR","@id":"https:\/\/www.sisu.com\/#\/schema\/logo\/image\/","url":"https:\/\/www.sisu.com\/wp-content\/uploads\/2018\/05\/Sisu_logo_colour.jpg","contentUrl":"https:\/\/www.sisu.com\/wp-content\/uploads\/2018\/05\/Sisu_logo_colour.jpg","width":1200,"height":1221,"caption":"SISU"},"image":{"@id":"https:\/\/www.sisu.com\/#\/schema\/logo\/image\/"}},{"@type":"Person","@id":"https:\/\/www.sisu.com\/#\/schema\/person\/400bb7a1aeaa5880e1a301e5cab1180d","name":"obiryukova@atrium-innovations.com"}]}},"_links":{"self":[{"href":"https:\/\/www.sisu.com\/fr\/wp-json\/wp\/v2\/posts\/9935","targetHints":{"allow":["GET"]}}],"collection":[{"href":"https:\/\/www.sisu.com\/fr\/wp-json\/wp\/v2\/posts"}],"about":[{"href":"https:\/\/www.sisu.com\/fr\/wp-json\/wp\/v2\/types\/post"}],"author":[{"embeddable":true,"href":"https:\/\/www.sisu.com\/fr\/wp-json\/wp\/v2\/users\/58"}],"replies":[{"embeddable":true,"href":"https:\/\/www.sisu.com\/fr\/wp-json\/wp\/v2\/comments?post=9935"}],"version-history":[{"count":0,"href":"https:\/\/www.sisu.com\/fr\/wp-json\/wp\/v2\/posts\/9935\/revisions"}],"wp:featuredmedia":[{"embeddable":true,"href":"https:\/\/www.sisu.com\/fr\/wp-json\/wp\/v2\/media\/9826"}],"wp:attachment":[{"href":"https:\/\/www.sisu.com\/fr\/wp-json\/wp\/v2\/media?parent=9935"}],"wp:term":[{"taxonomy":"category","embeddable":true,"href":"https:\/\/www.sisu.com\/fr\/wp-json\/wp\/v2\/categories?post=9935"},{"taxonomy":"post_tag","embeddable":true,"href":"https:\/\/www.sisu.com\/fr\/wp-json\/wp\/v2\/tags?post=9935"}],"curies":[{"name":"wp","href":"https:\/\/api.w.org\/{rel}","templated":true}]}}